{"id":1658,"date":"2020-08-23T20:32:49","date_gmt":"2020-08-23T18:32:49","guid":{"rendered":"http:\/\/familienlebenleichtgemacht.de\/?p=1658"},"modified":"2020-08-23T20:32:49","modified_gmt":"2020-08-23T18:32:49","slug":"maria-koenigin-am-22-august-auf-familisch-erklaert","status":"publish","type":"post","link":"https:\/\/familienlebenleichtgemacht.de\/?p=1658","title":{"rendered":"Maria K\u00f6nigin am 22.August, auf familisch erkl\u00e4rt ;-)"},"content":{"rendered":"\n<h3>Was hat es mit Maria K\u00f6nigin auf sich und warum wird dieses Fest gefeiert? <\/h3>\n\n\n\n<h4><strong>Maria K\u00f6nigin ist ein Marienfest<\/strong> und gebotener Gedenktag im liturgischen Jahr der katholischen Kirche und findet am 22. August statt. Festinhalt ist das uralte <strong>Motiv der Marienkr\u00f6nung,<\/strong> das besonders auf Altarbildern h\u00e4ufig dargestellt ist. Vielleicht f\u00e4llt euch ja eine Kirche ein, wo dieses Bild zu sehen ist. Im Rosenkranzgebet wird die Marienkr\u00f6nung als letztes der glorreichen Geheimnisse, <strong>&#8222;der dich, o Jungfrau im Himmel gekr\u00f6nt hat&#8220;<\/strong>, meditiert. Der auferstandene und erh\u00f6hte Christus, setzt seiner in den Himmel aufgenommenen Mutter die <strong>Krone der Vollendung<\/strong> auf.<\/h4>\n\n\n\n<p>Geschichtlich geht das Fest auf Papst Pius XII zur\u00fcck. 1854 wurde das Dogma von der unbefleckten Empf\u00e4ngnis verk\u00fcndet, dass man dann im Jahr 1954 als feierliches Jahr beging. Zum Abschluss dieses Marianischen Jahres wurde schlie\u00dflich das Fest Maria K\u00f6nigin ins Leben gerufen.<\/p>\n\n\n\n<h2>Basteltipp: Eine Waldkrone basteln<\/h2>\n\n\n\n<p>Das wird ben\u00f6tigt:<\/p>\n\n\n\n<ul><li>ca. 10 sch\u00f6ne Zweige sammeln<\/li><li>Ma\u00dfband, Schere, Hefter, Kreidefarben, Pinsel<\/li><li>15 Styroporkugeln von unterschiedlicher Gr\u00f6\u00dfe (etwa 1\u20133,5 cm \u00d8)<\/li><li>Pappe ca 10 x 70cm<\/li><li>Kordelband, etwa 60 cm lang<\/li><li>Tacker<br><\/li><\/ul>\n\n\n\n<!--more-->\n\n\n\n<p>Und so geht`s:<\/p>\n\n\n\n<ol><li>St\u00f6cke sammeln<\/li><li>Kopfumfang messen und danach einen Tonkartonstreifen von etwa 10 cm Breite mit der gemessenen Kopfumfangsl\u00e4nge plus 10 cm ausschneiden. Die Streifen an der \u00fcberlappenden Stelle mit einem Tacker so zusammenheften, dass die Krone gut passt.<\/li><li>Nun wird die Krone mit zwei Farben angemalt. Daf\u00fcr zuerst die Streifen der einen Farbe auftragen, anschlie\u00dfend die Zwischenr\u00e4ume mit der anderen Farbe ausmalen. Wer mag, malt ebenfalls die Zweige bunt an. <\/li><li>Die Styroporkugeln ebenfalls anmalen und alles gut trocknen lassen.<\/li><li>Jetzt werden die Zweige von Au\u00dfen mit Hilfe der Hei\u00dfklebepistole auf den Kronenring geklebt. <\/li><li>Mit der Hei\u00dfklebepistole die Styropork\u00fcgelchen an die St\u00f6cke kleben. Anstelle der Styroporkugeln k\u00f6nnt ihr auch Bl\u00e4tter, Tannenzapfen, Perlen, Papierbl\u00fcten oder andere h\u00fcbsche Dinge verwenden.<\/li><li>Die Kordel wird zum Schluss entweder vor oder hinter den Zweigen am oberen Kronenrand befestigt.<\/li><\/ol>\n","protected":false},"excerpt":{"rendered":"<p>Was hat es mit Maria K\u00f6nigin auf sich und warum wird dieses Fest gefeiert? Maria K\u00f6nigin ist ein Marienfest und gebotener Gedenktag im liturgischen Jahr der katholischen Kirche und findet am 22. August statt. Festinhalt ist das uralte Motiv der Marienkr\u00f6nung, das besonders auf Altarbildern h\u00e4ufig dargestellt ist. Vielleicht f\u00e4llt euch ja eine Kirche ein, &hellip; <\/p>\n<p class=\"link-more\"><a href=\"https:\/\/familienlebenleichtgemacht.de\/?p=1658\" class=\"more-link\"><span class=\"screen-reader-text\">\u201eMaria K\u00f6nigin am 22.August, auf familisch erkl\u00e4rt ;-)\u201c<\/span> weiterlesen<\/a><\/p>\n","protected":false},"author":1,"featured_media":0,"comment_status":"open","ping_status":"open","sticky":false,"template":"","format":"standard","meta":[],"categories":[10,1],"tags":[982,983,984,985],"_links":{"self":[{"href":"https:\/\/familienlebenleichtgemacht.de\/index.php?rest_route=\/wp\/v2\/posts\/1658"}],"collection":[{"href":"https:\/\/familienlebenleichtgemacht.de\/index.php?rest_route=\/wp\/v2\/posts"}],"about":[{"href":"https:\/\/familienlebenleichtgemacht.de\/index.php?rest_route=\/wp\/v2\/types\/post"}],"author":[{"embeddable":true,"href":"https:\/\/familienlebenleichtgemacht.de\/index.php?rest_route=\/wp\/v2\/users\/1"}],"replies":[{"embeddable":true,"href":"https:\/\/familienlebenleichtgemacht.de\/index.php?rest_route=%2Fwp%2Fv2%2Fcomments&post=1658"}],"version-history":[{"count":6,"href":"https:\/\/familienlebenleichtgemacht.de\/index.php?rest_route=\/wp\/v2\/posts\/1658\/revisions"}],"predecessor-version":[{"id":1664,"href":"https:\/\/familienlebenleichtgemacht.de\/index.php?rest_route=\/wp\/v2\/posts\/1658\/revisions\/1664"}],"wp:attachment":[{"href":"https:\/\/familienlebenleichtgemacht.de\/index.php?rest_route=%2Fwp%2Fv2%2Fmedia&parent=1658"}],"wp:term":[{"taxonomy":"category","embeddable":true,"href":"https:\/\/familienlebenleichtgemacht.de\/index.php?rest_route=%2Fwp%2Fv2%2Fcategories&post=1658"},{"taxonomy":"post_tag","embeddable":true,"href":"https:\/\/familienlebenleichtgemacht.de\/index.php?rest_route=%2Fwp%2Fv2%2Ftags&post=1658"}],"curies":[{"name":"wp","href":"https:\/\/api.w.org\/{rel}","templated":true}]}}