{"id":1792,"date":"2020-11-09T17:37:25","date_gmt":"2020-11-09T15:37:25","guid":{"rendered":"http:\/\/familienlebenleichtgemacht.de\/?p=1792"},"modified":"2020-11-16T22:49:43","modified_gmt":"2020-11-16T20:49:43","slug":"wer-war-sankt-martin-fuer-kinder-erklaert","status":"publish","type":"post","link":"https:\/\/familienlebenleichtgemacht.de\/?p=1792","title":{"rendered":"Wer war Sankt Martin? F\u00fcr Kinder erkl\u00e4rt!"},"content":{"rendered":"\n<p><strong>Alle Jahre wieder feiern wir am 11. November das Fest des St. Martin.Der Laternenumzug ist sehr bekannt. Aber was ist eigentlich die Bedeutung dahinter? Und wer war St. Martin?  Warum essen wir am Martinstag eine Martinsgans?  Hier erkl\u00e4ren wir die Bedeutung<\/strong>:<\/p>\n\n\n\n<p>Hallo liebe Kinder.. erkennt ihr mich mit meinem roten halben Mantel? Ja.. Richting..ich bin Martin! Geboren wurde ich ca. 316 in Savaria&#8230;im heutigen Ungarn&#8230;.aufgewachsen bin ich aber in Oberitalien in Pavia. Mein Vater war ein<strong> r\u00f6mischer Offizier<\/strong> und deswegen musste ich gegen meinen Willen zum Millit\u00e4r. Gefallen hat mir das garnicht, aber ich musste meinem Vater gehorchen. Schon mit <strong>15 Jahren wurde ich die Leibwache bei Kaiser Konstantin<\/strong>. Ich musste B\u00f6ses von ihm fernhalten und f\u00fcr ihn k\u00e4mpfen und wachehalten. W\u00e4hrend meiner Zeit <strong>als Soldat trug sich eine Geschichte zu<\/strong>, die ihr heute  im Lied <strong>&#8220; Sankt Martin&#8220; <\/strong>besingt. Vielleicht k\u00f6nnen wir dieses Lied ja gemeinsam singen:<\/p>\n\n\n\n<iframe style=\"width:120px;height:240px;\" marginwidth=\"0\" marginheight=\"0\" scrolling=\"no\" frameborder=\"0\" src=\"\/\/ws-eu.amazon-adsystem.com\/widgets\/q?ServiceVersion=20070822&#038;OneJS=1&#038;Operation=GetAdHtml&#038;MarketPlace=DE&#038;source=ac&#038;ref=tf_til&#038;ad_type=product_link&#038;tracking_id=jmundner09-21&#038;marketplace=amazon&#038;region=DE&#038;placement=B01GKBY922&#038;asins=B01GKBY922&#038;linkId=94a5fc31a6134032f1f195b1c906eb21&#038;show_border=false&#038;link_opens_in_new_window=false&#038;price_color=333333&#038;title_color=0066c0&#038;bg_color=ffffff\">\n    <\/iframe>\n\n\n\n<div class=\"wp-block-image\"><figure class=\"alignright size-large is-resized\"><img loading=\"lazy\" src=\"http:\/\/familienlebenleichtgemacht.de\/wp-content\/uploads\/2020\/11\/IMG_3702.jpg\" alt=\"\" class=\"wp-image-1793\" width=\"271\" height=\"256\" srcset=\"https:\/\/familienlebenleichtgemacht.de\/wp-content\/uploads\/2020\/11\/IMG_3702.jpg 640w, https:\/\/familienlebenleichtgemacht.de\/wp-content\/uploads\/2020\/11\/IMG_3702-300x284.jpg 300w\" sizes=\"(max-width: 271px) 100vw, 271px\" \/><\/figure><\/div>\n\n\n\n<p><em>Sankt Martin, Sankt Martin<br>Sankt Martin ritt durch Schnee und Wind<br>Sein Ross, das trug ihn fort geschwind<br>St. Martin ritt mit leichtem Mut<br>Sein Mantel deckt ihn warm und gutIm Schnee sa\u00df, im Schnee sa\u00df<\/em><\/p>\n\n\n\n<p><br><em>Im Schnee, da sa\u00df ein armer Mann<br>Hat Kleider nicht, hat Lumpen an<br>&#8222;O, helft mir doch in meiner Not<br>Sonst ist der bittere Frost mein Tod&#8220;<\/em><\/p>\n\n\n\n<!--more-->\n\n\n\n<p><em>Sankt Martin, Sankt Martin<br>Sankt Martin zog die Z\u00fcgel an<br>Sein Ross stand still beim armen Mann<br>Sankt Martin mit dem Schwerte<br>Teilt den warmen Mantel unverwei<\/em>lt<\/p>\n\n\n\n<p><em>Sankt Martin, Sankt Martin<br>Sankt Martin gab den halben still<br>Der Bettler rasch ihm danken will<br>Sankt Martin aber ritt in Eil&#8216;<br>Hinweg mit seinem Mantelteil<\/em><\/p>\n\n\n\n<iframe style=\"width:120px;height:240px;\" marginwidth=\"0\" marginheight=\"0\" scrolling=\"no\" frameborder=\"0\" src=\"\/\/ws-eu.amazon-adsystem.com\/widgets\/q?ServiceVersion=20070822&#038;OneJS=1&#038;Operation=GetAdHtml&#038;MarketPlace=DE&#038;source=ac&#038;ref=tf_til&#038;ad_type=product_link&#038;tracking_id=jmundner09-21&#038;marketplace=amazon&#038;region=DE&#038;placement=B00IAKRA5U&#038;asins=B00IAKRA5U&#038;linkId=39dae13918a9f9fca7b6ac7a3d27efd3&#038;show_border=false&#038;link_opens_in_new_window=false&#038;price_color=333333&#038;title_color=0066c0&#038;bg_color=ffffff\">\n    <\/iframe>\n\n\n\n<p>In der folgenden Nacht erschien mir Jesus Christus im Traum und gab sich als der Bettler zu erkennen. Dieses war f\u00fcr mich der Ausl\u00f6ser, sich taufen zu lassen. Ich gab meinen Soldatendienst auf und wurde Sch\u00fcler des ber\u00fchmten Kirchenlehrers Hilarius.<\/p>\n\n\n\n<h2>Warum essen die Menschen am Martinstag eine Martinsgans?<\/h2>\n\n\n\n<div class=\"wp-block-image\"><figure class=\"alignleft size-large is-resized\"><img loading=\"lazy\" src=\"http:\/\/familienlebenleichtgemacht.de\/wp-content\/uploads\/2020\/11\/IMG_3700-rotated.jpg\" alt=\"\" class=\"wp-image-1795\" width=\"414\" height=\"552\" srcset=\"https:\/\/familienlebenleichtgemacht.de\/wp-content\/uploads\/2020\/11\/IMG_3700-rotated.jpg 480w, https:\/\/familienlebenleichtgemacht.de\/wp-content\/uploads\/2020\/11\/IMG_3700-225x300.jpg 225w\" sizes=\"(max-width: 414px) 100vw, 414px\" \/><\/figure><\/div>\n\n\n\n<p>Sp\u00e4ter sollte ich auf Wunsch des Volkes zum Bischof ernannt werden .Aber ich wollte kein Chef werden und versteckte mich im G\u00e4nsestall. Ich war mir sicher, dass mich hier keiner suchen w\u00fcrde&#8230;. aber leider schnatterten die G\u00e4nse so laut, dass sie mein Versteck verrieten. Nun wurde ich Bischhof von Tours. <\/p>\n\n\n\n<h2>Warum gibt es den Laternenumzug?<\/h2>\n\n\n\n<p>Gestorben bin ich schon am 8. November 397. Aber da die Bev\u00f6lkerung erst noch ihre ernte einfahren musste, wurde ich erst am 11. November unter sehr gro\u00dfer Beteiligung der Bev\u00f6lkerung mit einem Laternenzug beerdigt. Daher wurde der 11. November zu meinem Gedenktag. <\/p>\n\n\n\n<p>Ich war besonders bekannt f\u00fcr meinen asketischen Lebensstil  und wurde vom Papst nach meinem Tod heiliggesprochen. Seither gelte ich:<strong> St. Martin als Schutzpatron der Bettler, Soldaten, Waffenschmiede und Haustiere.<\/strong><\/p>\n\n\n\n<h2><strong>Gibt es den Martinstag eigentlich nur in Deutschland?<\/strong><\/h2>\n\n\n\n<p>Nein, den Martinstag gibt es in ganz Europa. In Bayern und \u00d6sterreich hei\u00dft der Festtag auch Martini. Der Brauch des Martinsumzugs ist auch in \u00d6sterreich, der Schweiz und in S\u00fcdtirol verbreitet<\/p>\n","protected":false},"excerpt":{"rendered":"<p>Alle Jahre wieder feiern wir am 11. November das Fest des St. Martin.Der Laternenumzug ist sehr bekannt. Aber was ist eigentlich die Bedeutung dahinter? Und wer war St. Martin? Warum essen wir am Martinstag eine Martinsgans? Hier erkl\u00e4ren wir die Bedeutung: Hallo liebe Kinder.. erkennt ihr mich mit meinem roten halben Mantel? Ja.. Richting..ich bin &hellip; <\/p>\n<p class=\"link-more\"><a href=\"https:\/\/familienlebenleichtgemacht.de\/?p=1792\" class=\"more-link\"><span class=\"screen-reader-text\">\u201eWer war Sankt Martin? F\u00fcr Kinder erkl\u00e4rt!\u201c<\/span> weiterlesen<\/a><\/p>\n","protected":false},"author":1,"featured_media":0,"comment_status":"open","ping_status":"open","sticky":false,"template":"","format":"standard","meta":[],"categories":[10],"tags":[1047,1046,1050,1049,1048],"_links":{"self":[{"href":"https:\/\/familienlebenleichtgemacht.de\/index.php?rest_route=\/wp\/v2\/posts\/1792"}],"collection":[{"href":"https:\/\/familienlebenleichtgemacht.de\/index.php?rest_route=\/wp\/v2\/posts"}],"about":[{"href":"https:\/\/familienlebenleichtgemacht.de\/index.php?rest_route=\/wp\/v2\/types\/post"}],"author":[{"embeddable":true,"href":"https:\/\/familienlebenleichtgemacht.de\/index.php?rest_route=\/wp\/v2\/users\/1"}],"replies":[{"embeddable":true,"href":"https:\/\/familienlebenleichtgemacht.de\/index.php?rest_route=%2Fwp%2Fv2%2Fcomments&post=1792"}],"version-history":[{"count":8,"href":"https:\/\/familienlebenleichtgemacht.de\/index.php?rest_route=\/wp\/v2\/posts\/1792\/revisions"}],"predecessor-version":[{"id":1867,"href":"https:\/\/familienlebenleichtgemacht.de\/index.php?rest_route=\/wp\/v2\/posts\/1792\/revisions\/1867"}],"wp:attachment":[{"href":"https:\/\/familienlebenleichtgemacht.de\/index.php?rest_route=%2Fwp%2Fv2%2Fmedia&parent=1792"}],"wp:term":[{"taxonomy":"category","embeddable":true,"href":"https:\/\/familienlebenleichtgemacht.de\/index.php?rest_route=%2Fwp%2Fv2%2Fcategories&post=1792"},{"taxonomy":"post_tag","embeddable":true,"href":"https:\/\/familienlebenleichtgemacht.de\/index.php?rest_route=%2Fwp%2Fv2%2Ftags&post=1792"}],"curies":[{"name":"wp","href":"https:\/\/api.w.org\/{rel}","templated":true}]}}