{"id":2084,"date":"2020-12-04T21:35:05","date_gmt":"2020-12-04T19:35:05","guid":{"rendered":"http:\/\/familienlebenleichtgemacht.de\/?p=2084"},"modified":"2020-12-06T12:58:11","modified_gmt":"2020-12-06T10:58:11","slug":"adventsstuendchen-2-advent","status":"publish","type":"post","link":"https:\/\/familienlebenleichtgemacht.de\/?p=2084","title":{"rendered":"Adventsst\u00fcndchen: 2. Advent Lieder und Ausmalbild zum kostenlosen Herunterladen"},"content":{"rendered":"\n<figure class=\"wp-block-image size-large\"><img loading=\"lazy\" width=\"640\" height=\"640\" src=\"http:\/\/familienlebenleichtgemacht.de\/wp-content\/uploads\/2020\/12\/photo.jpg\" alt=\"\" class=\"wp-image-2135\" srcset=\"https:\/\/familienlebenleichtgemacht.de\/wp-content\/uploads\/2020\/12\/photo.jpg 640w, https:\/\/familienlebenleichtgemacht.de\/wp-content\/uploads\/2020\/12\/photo-300x300.jpg 300w, https:\/\/familienlebenleichtgemacht.de\/wp-content\/uploads\/2020\/12\/photo-150x150.jpg 150w, https:\/\/familienlebenleichtgemacht.de\/wp-content\/uploads\/2020\/12\/photo-100x100.jpg 100w\" sizes=\"(max-width: 640px) 100vw, 640px\" \/><\/figure>\n\n\n\n<p>Endlich ist es so weit&#8230;es wird die<strong> 2. Kerze am Adventskranz angez\u00fcndet<\/strong>. Zeit wieder den n\u00e4chsten Abschnitt der Adventszeit <strong>gemeinsam als Familie<\/strong> zu beginnen. Sucht euch als Familie ein <strong>kuscheliges Pl\u00e4tzchen.<\/strong> Stellt Kerzen auf. Richtet <strong>leckere Pl\u00e4tzchen<\/strong> auf einem Teller an, kocht<strong> lecker Punsch<\/strong> und <strong>taucht ein in die Lieder- und Geschichtswelt der Vorweihnachtszeit<\/strong>. Hier ein paar Ideen f\u00fcr Lieder und Geschichten.<\/p>\n\n\n\n<div class=\"wp-block-file\"><a href=\"http:\/\/familienlebenleichtgemacht.de\/wp-content\/uploads\/2020\/12\/Adventsstuendchen2Advent.pdf\">Adventsstuendchen2Advent<\/a><a href=\"http:\/\/familienlebenleichtgemacht.de\/wp-content\/uploads\/2020\/12\/Adventsstuendchen2Advent.pdf\" class=\"wp-block-file__button\" download>Herunterladen<\/a><\/div>\n\n\n\n<!--more-->\n\n\n\n<p>Wir haben auch wieder ein tolles Lied entdeckt, wo die Kinder viel Freude daran haben: <\/p>\n\n\n\n<h2>&#8222;Lieber guter Nikolaus h\u00f6re doch, wir machen dir Musik&#8220;,  Melodie und Text m\u00fcndlich \u00fcberliefert.<\/h2>\n\n\n\n<p>Die Kinder k\u00f6nnen dabei  die Trompete, die Trommel, die Fl\u00f6te, die Geige und ganz viele andere Instrumente spielen und kennenlernen. <\/p>\n\n\n\n<a target=\"_blank\" href=\"https:\/\/www.amazon.de\/gp\/product\/B077GWK27Z\/ref=as_li_tl?ie=UTF8&#038;camp=1638&#038;creative=6742&#038;creativeASIN=B077GWK27Z&#038;linkCode=as2&#038;tag=jmundner09-21&#038;linkId=c5329052149b6c66aa575c062863e635\" rel=\"noopener noreferrer\"><img border=\"0\" src=\"\/\/ws-eu.amazon-adsystem.com\/widgets\/q?_encoding=UTF8&#038;MarketPlace=DE&#038;ASIN=B077GWK27Z&#038;ServiceVersion=20070822&#038;ID=AsinImage&#038;WS=1&#038;Format=_SL250_&#038;tag=jmundner09-21\" ><\/a><img loading=\"lazy\" src=\"\/\/ir-de.amazon-adsystem.com\/e\/ir?t=jmundner09-21&#038;l=am2&#038;o=3&#038;a=B077GWK27Z\" width=\"1\" height=\"1\" border=\"0\" alt=\"\" style=\"border:none !important; margin:0px !important;\" \/>\n\n\n\n<p>Wir sagen euch an den lieben Advent<br>Sehet, die zweite Kerze brennt<br>So nehmet euch eins um das andere an,<br>Wie auch der Herr an uns getan!<br>Freut euch, ihr Christen! Freuet euch sehr<br>Schon ist nahe der Herr.<\/p>\n\n\n\n<figure class=\"wp-block-embed-youtube wp-block-embed is-type-video is-provider-youtube wp-embed-aspect-4-3 wp-has-aspect-ratio\"><div class=\"wp-block-embed__wrapper\">\n<iframe title=\"Lieber, guter Nikolaus, h\u00f6re doch, wir machen dir Musik (Argon Version)\" width=\"525\" height=\"394\" src=\"https:\/\/www.youtube.com\/embed\/CRVyUTBt8us?feature=oembed\" frameborder=\"0\" allow=\"accelerometer; autoplay; clipboard-write; encrypted-media; gyroscope; picture-in-picture\" allowfullscreen><\/iframe>\n<\/div><\/figure>\n\n\n\n<p><\/p>\n","protected":false},"excerpt":{"rendered":"<p>Endlich ist es so weit&#8230;es wird die 2. Kerze am Adventskranz angez\u00fcndet. Zeit wieder den n\u00e4chsten Abschnitt der Adventszeit gemeinsam als Familie zu beginnen. Sucht euch als Familie ein kuscheliges Pl\u00e4tzchen. Stellt Kerzen auf. Richtet leckere Pl\u00e4tzchen auf einem Teller an, kocht lecker Punsch und taucht ein in die Lieder- und Geschichtswelt der Vorweihnachtszeit. Hier &hellip; <\/p>\n<p class=\"link-more\"><a href=\"https:\/\/familienlebenleichtgemacht.de\/?p=2084\" class=\"more-link\"><span class=\"screen-reader-text\">\u201eAdventsst\u00fcndchen: 2. Advent Lieder und Ausmalbild zum kostenlosen Herunterladen\u201c<\/span> weiterlesen<\/a><\/p>\n","protected":false},"author":1,"featured_media":0,"comment_status":"open","ping_status":"open","sticky":false,"template":"","format":"standard","meta":[],"categories":[10,1],"tags":[1194,1258,1256,1260],"_links":{"self":[{"href":"https:\/\/familienlebenleichtgemacht.de\/index.php?rest_route=\/wp\/v2\/posts\/2084"}],"collection":[{"href":"https:\/\/familienlebenleichtgemacht.de\/index.php?rest_route=\/wp\/v2\/posts"}],"about":[{"href":"https:\/\/familienlebenleichtgemacht.de\/index.php?rest_route=\/wp\/v2\/types\/post"}],"author":[{"embeddable":true,"href":"https:\/\/familienlebenleichtgemacht.de\/index.php?rest_route=\/wp\/v2\/users\/1"}],"replies":[{"embeddable":true,"href":"https:\/\/familienlebenleichtgemacht.de\/index.php?rest_route=%2Fwp%2Fv2%2Fcomments&post=2084"}],"version-history":[{"count":8,"href":"https:\/\/familienlebenleichtgemacht.de\/index.php?rest_route=\/wp\/v2\/posts\/2084\/revisions"}],"predecessor-version":[{"id":2138,"href":"https:\/\/familienlebenleichtgemacht.de\/index.php?rest_route=\/wp\/v2\/posts\/2084\/revisions\/2138"}],"wp:attachment":[{"href":"https:\/\/familienlebenleichtgemacht.de\/index.php?rest_route=%2Fwp%2Fv2%2Fmedia&parent=2084"}],"wp:term":[{"taxonomy":"category","embeddable":true,"href":"https:\/\/familienlebenleichtgemacht.de\/index.php?rest_route=%2Fwp%2Fv2%2Fcategories&post=2084"},{"taxonomy":"post_tag","embeddable":true,"href":"https:\/\/familienlebenleichtgemacht.de\/index.php?rest_route=%2Fwp%2Fv2%2Ftags&post=2084"}],"curies":[{"name":"wp","href":"https:\/\/api.w.org\/{rel}","templated":true}]}}