{"id":256,"date":"2020-03-23T21:58:38","date_gmt":"2020-03-23T21:58:38","guid":{"rendered":"http:\/\/familienlebenleichtgemacht.de\/?p=256"},"modified":"2020-03-24T18:02:26","modified_gmt":"2020-03-24T18:02:26","slug":"bananen-milchshake-mit-vanilleeis-lisas-lieblingsrezept-fuer-ueberreife-bananen","status":"publish","type":"post","link":"https:\/\/familienlebenleichtgemacht.de\/?p=256","title":{"rendered":"Bananen-Milchshake mit Vanilleeis: Lisa`s Lieblingsrezept f\u00fcr \u00fcberreife Bananen!"},"content":{"rendered":"\n<p>Wer kennt das nicht. Wir gehen einkaufen, stehen vor der Obsttheke und sehen die makellosen Bananen. Sie werden nat\u00fcrlich eingepackt. Zuhause gibt der Obstkorb eine tolle Dekoration ab, aber die  Bananen werden schneller braun als man gucken kann. Und schon kann sich  niemand mehr begeistern, die gesunde gelbe Frucht zu essen. Also muss man sich was anderes \u00fcberlegen, damit sie nicht einfach im Biom\u00fcll landen. Hier verrate ich eines meiner Lieblingsrezepte f\u00fcr braune matschige Bananen. <\/p>\n\n\n\n<figure class=\"wp-block-image size-large\"><img loading=\"lazy\" width=\"640\" height=\"480\" src=\"http:\/\/familienlebenleichtgemacht.de\/wp-content\/uploads\/2020\/03\/IMG_9889.jpg\" alt=\"\" class=\"wp-image-259\" srcset=\"https:\/\/familienlebenleichtgemacht.de\/wp-content\/uploads\/2020\/03\/IMG_9889.jpg 640w, https:\/\/familienlebenleichtgemacht.de\/wp-content\/uploads\/2020\/03\/IMG_9889-300x225.jpg 300w\" sizes=\"(max-width: 640px) 100vw, 640px\" \/><\/figure>\n\n\n\n<p>Zutaten f\u00fcr Bananen-Milchshake:<\/p>\n\n\n\n<ul><li>2 reife Bananen<\/li><li>500 ml Milch<\/li><li>2-3 Kugeln Vanilleeis<\/li><\/ul>\n\n\n\n<p>Auf geht`s <\/p>\n\n\n\n<ul><li>2 reife Bananen mit 500ml Milch p\u00fcrieren.<\/li><li> 2-3 Kugeln Vanilleeis hinzuf\u00fcgen und Nochmal gut  mixen  Und schon ist er fertig  Jetzt nur noch kalt genie\u00dfen   <\/li><\/ul>\n\n\n\n<p> So einfach und doch so lecker. Eure Lisa!<br><\/p>\n\n\n\n<p><br><\/p>\n","protected":false},"excerpt":{"rendered":"<p>Wer kennt das nicht. Wir gehen einkaufen, stehen vor der Obsttheke und sehen die makellosen Bananen. Sie werden nat\u00fcrlich eingepackt. Zuhause gibt der Obstkorb eine tolle Dekoration ab, aber die Bananen werden schneller braun als man gucken kann. Und schon kann sich niemand mehr begeistern, die gesunde gelbe Frucht zu essen. Also muss man sich &hellip; <\/p>\n<p class=\"link-more\"><a href=\"https:\/\/familienlebenleichtgemacht.de\/?p=256\" class=\"more-link\"><span class=\"screen-reader-text\">\u201eBananen-Milchshake mit Vanilleeis: Lisa`s Lieblingsrezept f\u00fcr \u00fcberreife Bananen!\u201c<\/span> weiterlesen<\/a><\/p>\n","protected":false},"author":4,"featured_media":0,"comment_status":"open","ping_status":"open","sticky":false,"template":"","format":"standard","meta":[],"categories":[5],"tags":[44,48,52,50,51,47,54,53,45,46,49],"_links":{"self":[{"href":"https:\/\/familienlebenleichtgemacht.de\/index.php?rest_route=\/wp\/v2\/posts\/256"}],"collection":[{"href":"https:\/\/familienlebenleichtgemacht.de\/index.php?rest_route=\/wp\/v2\/posts"}],"about":[{"href":"https:\/\/familienlebenleichtgemacht.de\/index.php?rest_route=\/wp\/v2\/types\/post"}],"author":[{"embeddable":true,"href":"https:\/\/familienlebenleichtgemacht.de\/index.php?rest_route=\/wp\/v2\/users\/4"}],"replies":[{"embeddable":true,"href":"https:\/\/familienlebenleichtgemacht.de\/index.php?rest_route=%2Fwp%2Fv2%2Fcomments&post=256"}],"version-history":[{"count":3,"href":"https:\/\/familienlebenleichtgemacht.de\/index.php?rest_route=\/wp\/v2\/posts\/256\/revisions"}],"predecessor-version":[{"id":260,"href":"https:\/\/familienlebenleichtgemacht.de\/index.php?rest_route=\/wp\/v2\/posts\/256\/revisions\/260"}],"wp:attachment":[{"href":"https:\/\/familienlebenleichtgemacht.de\/index.php?rest_route=%2Fwp%2Fv2%2Fmedia&parent=256"}],"wp:term":[{"taxonomy":"category","embeddable":true,"href":"https:\/\/familienlebenleichtgemacht.de\/index.php?rest_route=%2Fwp%2Fv2%2Fcategories&post=256"},{"taxonomy":"post_tag","embeddable":true,"href":"https:\/\/familienlebenleichtgemacht.de\/index.php?rest_route=%2Fwp%2Fv2%2Ftags&post=256"}],"curies":[{"name":"wp","href":"https:\/\/api.w.org\/{rel}","templated":true}]}}