{"id":287,"date":"2020-04-07T12:05:23","date_gmt":"2020-04-07T10:05:23","guid":{"rendered":"http:\/\/familienlebenleichtgemacht.de\/?p=287"},"modified":"2020-04-08T11:01:41","modified_gmt":"2020-04-08T09:01:41","slug":"kirchenjahres-kreis-basteln-roter-faden-in-unserem-alltag-mit-seinen-feiern-und-festvorbereitungen","status":"publish","type":"post","link":"https:\/\/familienlebenleichtgemacht.de\/?p=287","title":{"rendered":"Kirchenjahreskreis-Basteln: Roter Faden in unserem Alltag mit seinen Feiern und Festvorbereitungen"},"content":{"rendered":"\n<p>Das Kirchenjahr kennt keine Monate oder Jahreszeiten, es  besteht aus Festkreisen und Festtagen. Sie  haben zum Thema das Leben und Wirken Jesu Christi von seiner Geburt  bis zu  seinem Tod und seiner Auferstehung. Das Kirchenjahr beginnt  mit dem 1. Advent und endet in  der katholischen Kirche mit dem <em>Christk\u00f6nigssonntag<\/em>, w\u00e4hrend  dieser Tag bei den evangelischen Gl\u00e4ubigen <em>Ewigkeitssonntag <\/em>hei\u00dft. <\/p>\n\n\n\n<p><strong>Bekannte Elemente des Kirchenjahres sind:<\/strong><\/p>\n\n\n\n<ul><li>\n\tAdvents- und Weihnachtszeit\n\t<\/li><li>\n\tMaria Lichtmess\n\t<\/li><li>\n\tFastenzeit und die Vorbereitung auf das Osterfest mit Abendmahlsfeier\n\t<\/li><li>\n\tErntedankfest\n\t<\/li><li>\n\tFest des heiligen Martin mit Martinsspiel und Laternenumzug\n\t<\/li><li>\n\tFest des heiligen Bischof Nikolaus\n\t<\/li><\/ul>\n\n\n\n<figure class=\"wp-block-gallery columns-3 is-cropped\"><ul class=\"blocks-gallery-grid\"><li class=\"blocks-gallery-item\"><figure><img loading=\"lazy\" width=\"640\" height=\"480\" src=\"http:\/\/familienlebenleichtgemacht.de\/wp-content\/uploads\/2020\/03\/IMG_9899.jpg\" alt=\"\" data-id=\"355\" data-link=\"http:\/\/familienlebenleichtgemacht.de\/?attachment_id=355\" class=\"wp-image-355\" srcset=\"https:\/\/familienlebenleichtgemacht.de\/wp-content\/uploads\/2020\/03\/IMG_9899.jpg 640w, https:\/\/familienlebenleichtgemacht.de\/wp-content\/uploads\/2020\/03\/IMG_9899-300x225.jpg 300w\" sizes=\"(max-width: 640px) 100vw, 640px\" \/><\/figure><\/li><li class=\"blocks-gallery-item\"><figure><img loading=\"lazy\" width=\"480\" height=\"640\" src=\"http:\/\/familienlebenleichtgemacht.de\/wp-content\/uploads\/2020\/03\/IMG_9900-rotated.jpg\" alt=\"\" data-id=\"356\" data-link=\"http:\/\/familienlebenleichtgemacht.de\/?attachment_id=356\" class=\"wp-image-356\" srcset=\"https:\/\/familienlebenleichtgemacht.de\/wp-content\/uploads\/2020\/03\/IMG_9900-rotated.jpg 480w, https:\/\/familienlebenleichtgemacht.de\/wp-content\/uploads\/2020\/03\/IMG_9900-225x300.jpg 225w\" sizes=\"(max-width: 480px) 100vw, 480px\" \/><\/figure><\/li><li class=\"blocks-gallery-item\"><figure><img loading=\"lazy\" width=\"640\" height=\"480\" src=\"http:\/\/familienlebenleichtgemacht.de\/wp-content\/uploads\/2020\/03\/IMG_9907.jpg\" alt=\"\" data-id=\"359\" data-full-url=\"http:\/\/familienlebenleichtgemacht.de\/wp-content\/uploads\/2020\/03\/IMG_9907.jpg\" data-link=\"http:\/\/familienlebenleichtgemacht.de\/?attachment_id=359\" class=\"wp-image-359\" srcset=\"https:\/\/familienlebenleichtgemacht.de\/wp-content\/uploads\/2020\/03\/IMG_9907.jpg 640w, https:\/\/familienlebenleichtgemacht.de\/wp-content\/uploads\/2020\/03\/IMG_9907-300x225.jpg 300w\" sizes=\"(max-width: 640px) 100vw, 640px\" \/><\/figure><\/li><li class=\"blocks-gallery-item\"><figure><img loading=\"lazy\" width=\"640\" height=\"480\" src=\"http:\/\/familienlebenleichtgemacht.de\/wp-content\/uploads\/2020\/03\/IMG_9932.jpg\" alt=\"\" data-id=\"358\" data-link=\"http:\/\/familienlebenleichtgemacht.de\/?attachment_id=358\" class=\"wp-image-358\" srcset=\"https:\/\/familienlebenleichtgemacht.de\/wp-content\/uploads\/2020\/03\/IMG_9932.jpg 640w, https:\/\/familienlebenleichtgemacht.de\/wp-content\/uploads\/2020\/03\/IMG_9932-300x225.jpg 300w\" sizes=\"(max-width: 640px) 100vw, 640px\" \/><\/figure><\/li><\/ul><\/figure>\n\n\n\n<p>Fallen euch noch andere Feste ein?  Wann ist euer Geburtstag? Macht eine Liste von allen Festen die euch einfallen und die ihr in richtiger Reihenfolge dann auflistet.<\/p>\n\n\n\n<p><strong>Nun bastelt ihr eure eigene Kirchenjahres &#8211; Uhr! Was ihr dazu ben\u00f6tigt:<\/strong><\/p>\n\n\n\n<ul><li>Pappe<\/li><li>Zirkel oder Mittelteller und M\u00fcslischale<\/li><li>Bleistift<\/li><li>Radiergummi<\/li><li>Stifte <\/li><li>Kleber<\/li><li>Musterklammer<\/li><\/ul>\n\n\n\n<p>Auf geht`s:<\/p>\n\n\n\n<ul><li>Zeichne (mit dem Zirkel) auf einer hellen Pappe einen Kreis mit dem Radius von 8 cm (Durchmesser: 16 cm) und schneide den Kreis dann aus.<\/li><li>Vergr\u00f6\u00dfere das Loch in der Mitte erst mit der Spitze des Zirkels, dann mit einer Bleistiftspitze. <\/li><li>Zeichne mit dem Bleistift 2 Hilfslinien (senkrecht und waagerecht) durch den Mittelpunkt <\/li><li>Nun zeichne (mit dem Zirkel oder der M\u00fcslischale) auf deinem ausgeschnittenen Kreis  einen weiteren Kreis mit dem Radius von 5cm. <\/li><li>F\u00fcr den Zeiger zeichne einen Kreis mit dem Radius von etwa 1,2 cm auf den Pappresten.<\/li><li>Zeichne vom Mittelpunkt des Kreises eine 5,5 cm lange Linie.<\/li><li>Nimm das Ende als Pfeilspitze, zeichne einen Zeiger und schneide ihn aus. Den Zeiger kannst du jetzt auch gerne anmalen.<\/li><li>Vergr\u00f6\u00dfere die L\u00f6cher des Zeigers mit der Spitze des Zirkels, dann mit einer Bleistiftspitze.<\/li><li>Befestige den Zeiger mit einer Musterklammer an der Uhr.  <\/li><li>Nun tr\u00e4gst du den Oster- und Weihnachtsfestkreis mit all seinen H\u00f6hepunkten und Ideen von dir ein. Vielleicht tr\u00e4gst du ja auch deinen Geburtstag ein und die Geburtstage von deiner Familie oder deinen Namenstag &#8230;..<\/li><\/ul>\n\n\n\n<p><\/p>\n","protected":false},"excerpt":{"rendered":"<p>Das Kirchenjahr kennt keine Monate oder Jahreszeiten, es besteht aus Festkreisen und Festtagen. Sie haben zum Thema das Leben und Wirken Jesu Christi von seiner Geburt bis zu seinem Tod und seiner Auferstehung. Das Kirchenjahr beginnt mit dem 1. Advent und endet in der katholischen Kirche mit dem Christk\u00f6nigssonntag, w\u00e4hrend dieser Tag bei den evangelischen &hellip; <\/p>\n<p class=\"link-more\"><a href=\"https:\/\/familienlebenleichtgemacht.de\/?p=287\" class=\"more-link\"><span class=\"screen-reader-text\">\u201eKirchenjahreskreis-Basteln: Roter Faden in unserem Alltag mit seinen Feiern und Festvorbereitungen\u201c<\/span> weiterlesen<\/a><\/p>\n","protected":false},"author":1,"featured_media":0,"comment_status":"open","ping_status":"open","sticky":false,"template":"","format":"standard","meta":[],"categories":[10],"tags":[454,451,448,449,452,450,453],"_links":{"self":[{"href":"https:\/\/familienlebenleichtgemacht.de\/index.php?rest_route=\/wp\/v2\/posts\/287"}],"collection":[{"href":"https:\/\/familienlebenleichtgemacht.de\/index.php?rest_route=\/wp\/v2\/posts"}],"about":[{"href":"https:\/\/familienlebenleichtgemacht.de\/index.php?rest_route=\/wp\/v2\/types\/post"}],"author":[{"embeddable":true,"href":"https:\/\/familienlebenleichtgemacht.de\/index.php?rest_route=\/wp\/v2\/users\/1"}],"replies":[{"embeddable":true,"href":"https:\/\/familienlebenleichtgemacht.de\/index.php?rest_route=%2Fwp%2Fv2%2Fcomments&post=287"}],"version-history":[{"count":8,"href":"https:\/\/familienlebenleichtgemacht.de\/index.php?rest_route=\/wp\/v2\/posts\/287\/revisions"}],"predecessor-version":[{"id":571,"href":"https:\/\/familienlebenleichtgemacht.de\/index.php?rest_route=\/wp\/v2\/posts\/287\/revisions\/571"}],"wp:attachment":[{"href":"https:\/\/familienlebenleichtgemacht.de\/index.php?rest_route=%2Fwp%2Fv2%2Fmedia&parent=287"}],"wp:term":[{"taxonomy":"category","embeddable":true,"href":"https:\/\/familienlebenleichtgemacht.de\/index.php?rest_route=%2Fwp%2Fv2%2Fcategories&post=287"},{"taxonomy":"post_tag","embeddable":true,"href":"https:\/\/familienlebenleichtgemacht.de\/index.php?rest_route=%2Fwp%2Fv2%2Ftags&post=287"}],"curies":[{"name":"wp","href":"https:\/\/api.w.org\/{rel}","templated":true}]}}