{"id":883,"date":"2020-04-27T13:27:18","date_gmt":"2020-04-27T11:27:18","guid":{"rendered":"http:\/\/familienlebenleichtgemacht.de\/?p=883"},"modified":"2020-04-27T13:27:18","modified_gmt":"2020-04-27T11:27:18","slug":"ab-11-mai-die-eisheiligen-lecker-eis-und-frost","status":"publish","type":"post","link":"https:\/\/familienlebenleichtgemacht.de\/?p=883","title":{"rendered":"Ab 11.Mai die &#8222;Eisheiligen&#8220;: Lecker Eis und Frost?"},"content":{"rendered":"\n<p>Am Montag den 11. Mai k\u00f6nnte es bis zum 15. Mai eventuell kalt werden. Denn in dieser Zeit liegen die Festtage der &#8222;Eisheiligen&#8220;. <\/p>\n\n\n\n<p>Mit lecker Eis und  Frost hatten die f\u00fcnf christlichen Heiligen namens <strong>Mamertus, Pankratius, Servatius, Bonifatius und Sophia von Rom<\/strong> nichts zu tun. Sie lebten vor ca.  1500 Jahren und da im Mai noch Platz war, legte man ihre Gedenktage vom 11. bis 15. Mai fest. Die <strong>Bezeichnung \u201eEisheilige\u201c  geht auf jahrhunderte lange Erfahrung und Wetterbeobachtung <\/strong>zur\u00fcck. Da es an ihren Gedenktagen oft noch einmal kalt wird, nennt man sie die Eisheiligen. F\u00fcr Bauern und G\u00e4rtner sind das N\u00e4chte, in denen sie um ihre Ernte f\u00fcrchten. Denn Frost kann bei den Pflanzen gro\u00dfen Schaden anrichten, besonders bei frisch erbl\u00fchten Obstb\u00e4umen. Wetteraufzeichnungen zeigen aber, dass es an den Eisheiligen nicht immer Frost gibt und  oft wird es auch erst Ende Mai noch einmal richtig kalt. Und im Juni droht dann schon wieder die sogenannte \u201eSchafsk\u00e4lte\u201c \u2013 die so hei\u00dft, da die Schafe zu dieser Zeit schon geschoren sind und ohne ihre Wolle bei K\u00e4lte frieren. <\/p>\n\n\n\n<p><span class=\"has-inline-color has-vivid-green-cyan-color\">Die bauernregel besagt: &#8222;<em><strong>Passt auf die Nachtfr\u00f6ste auf, lasst die Pflanzen noch im Gew\u00e4chshaus, bis die Eisheiligen vor\u00fcber sind<\/strong><\/em>.&#8220;<\/span><\/p>\n\n\n\n<h2>Wie w\u00e4re es, wenn ihr eine Wetterstation bastelt?<\/h2>\n\n\n\n<p>Was kann eine Wetterstation aussagen:<\/p>\n\n\n\n<p>\u2022 Wie entwickelt sich die Temperatur?<br>\u2022 Wie stark war der Regen?<br>\u2022 Wie kr\u00e4ftig ist der Wind?<br>\u2022 Wie hoch ist die Luftfeuchtigkeit?<br>\u2022 Gibt es einen Zusammenhang zwischen Beobachtung und dem Wetter?<\/p>\n\n\n\n<h2><strong>Eine Wetterstation besteht aus:<\/strong><\/h2>\n\n\n\n<ol><li>Windhose zum Messen der Windgeschwindigkeit<\/li><li>Niederschlagsmesser f\u00fcr Regenwasser<\/li><li>Feuchtigkeitsmesser (Hygrometer) zum Messen der Luftfeuchtigkeit<\/li><li>Thermometer zum Messern der Temperatur<\/li><\/ol>\n\n\n\n<h2>Windhose aus einem Jogurtbecher basteln:<\/h2>\n\n\n\n<ol><li>Ihr ben\u00f6tigt einen Joghurtbecher, etwas Karton, Papier und einen Holzstab. Au\u00dferdem eine Schere, Wasserfesten Stift und Sekundenkleber. Eien Kompass zur \u00dcberpr\u00fcfung.<\/li><li>Beschriftet den Joghurtbecher mit einem wasserfesten Stift mit den Himmelsrichtungen.\u00a0<\/li><li>Aus dem Karton schneidet Ihr die Pfeile f\u00fcr die Himmelsrichtungen aus.\u00a0<\/li><li>In den Boden des Joghurtbechers bohrt ihr ein kleines Loch, sodass man den Holzstab hindurchschieben kann.<\/li><li>Klebt den Pfeil auf die Spitze des Holstabes.<\/li><li>Mit Hilfe des Kompass k\u00f6nnt ihr die Himmelsrichtungen dementsprechend richten.<\/li><li>Bunter und sch\u00f6ner wird es, wenn ihr den Joghurtbecher bemalt oder beklebt.<\/li><\/ol>\n\n\n\n<p>Quellen:<\/p>\n\n\n\n<figure class=\"wp-block-embed-wordpress wp-block-embed is-type-wp-embed is-provider-kitakram-de\"><div class=\"wp-block-embed__wrapper\">\n<blockquote class=\"wp-embedded-content\" data-secret=\"JmSezvbQeC\"><a href=\"https:\/\/kitakram.de\/bau-einer-eigenen-wetterstation\/\">Bau einer eigenen Wetterstation<\/a><\/blockquote><iframe title=\"&#8222;Bau einer eigenen Wetterstation&#8220; &#8212; KitaKram.de\" class=\"wp-embedded-content\" sandbox=\"allow-scripts\" security=\"restricted\" style=\"position: absolute; clip: rect(1px, 1px, 1px, 1px);\" src=\"https:\/\/kitakram.de\/bau-einer-eigenen-wetterstation\/embed\/#?secret=JmSezvbQeC\" data-secret=\"JmSezvbQeC\" width=\"525\" height=\"296\" frameborder=\"0\" marginwidth=\"0\" marginheight=\"0\" scrolling=\"no\"><\/iframe>\n<\/div><\/figure>\n\n\n\n<div class=\"wp-block-group\"><div class=\"wp-block-group__inner-container\">\n<p><a href=\"https:\/\/www.t-online.de\/heim-garten\/garten\/id_81057888\/die-eisheiligen-im-mai-2020-das-muessen-gaertner-jetzt-beachten.html\">https:\/\/www.t-online.de\/heim-garten\/garten\/id_81057888\/die-eisheiligen-im-mai-2020-das-muessen-gaertner-jetzt-beachten.html<\/a><\/p>\n<\/div><\/div>\n\n\n\n<p><a href=\"https:\/\/www.gartentipps.com\/wer-oder-was-sind-die-eisheiligen.html\">https:\/\/www.gartentipps.com\/wer-oder-was-sind-die-eisheiligen.html<\/a><\/p>\n\n\n\n<p><\/p>\n","protected":false},"excerpt":{"rendered":"<p>Am Montag den 11. Mai k\u00f6nnte es bis zum 15. Mai eventuell kalt werden. Denn in dieser Zeit liegen die Festtage der &#8222;Eisheiligen&#8220;. Mit lecker Eis und Frost hatten die f\u00fcnf christlichen Heiligen namens Mamertus, Pankratius, Servatius, Bonifatius und Sophia von Rom nichts zu tun. Sie lebten vor ca. 1500 Jahren und da im Mai &hellip; <\/p>\n<p class=\"link-more\"><a href=\"https:\/\/familienlebenleichtgemacht.de\/?p=883\" class=\"more-link\"><span class=\"screen-reader-text\">\u201eAb 11.Mai die &#8222;Eisheiligen&#8220;: Lecker Eis und Frost?\u201c<\/span> weiterlesen<\/a><\/p>\n","protected":false},"author":1,"featured_media":0,"comment_status":"open","ping_status":"open","sticky":false,"template":"","format":"standard","meta":[],"categories":[10],"tags":[579,288,244,580,454,577,35,581,578,582],"_links":{"self":[{"href":"https:\/\/familienlebenleichtgemacht.de\/index.php?rest_route=\/wp\/v2\/posts\/883"}],"collection":[{"href":"https:\/\/familienlebenleichtgemacht.de\/index.php?rest_route=\/wp\/v2\/posts"}],"about":[{"href":"https:\/\/familienlebenleichtgemacht.de\/index.php?rest_route=\/wp\/v2\/types\/post"}],"author":[{"embeddable":true,"href":"https:\/\/familienlebenleichtgemacht.de\/index.php?rest_route=\/wp\/v2\/users\/1"}],"replies":[{"embeddable":true,"href":"https:\/\/familienlebenleichtgemacht.de\/index.php?rest_route=%2Fwp%2Fv2%2Fcomments&post=883"}],"version-history":[{"count":13,"href":"https:\/\/familienlebenleichtgemacht.de\/index.php?rest_route=\/wp\/v2\/posts\/883\/revisions"}],"predecessor-version":[{"id":896,"href":"https:\/\/familienlebenleichtgemacht.de\/index.php?rest_route=\/wp\/v2\/posts\/883\/revisions\/896"}],"wp:attachment":[{"href":"https:\/\/familienlebenleichtgemacht.de\/index.php?rest_route=%2Fwp%2Fv2%2Fmedia&parent=883"}],"wp:term":[{"taxonomy":"category","embeddable":true,"href":"https:\/\/familienlebenleichtgemacht.de\/index.php?rest_route=%2Fwp%2Fv2%2Fcategories&post=883"},{"taxonomy":"post_tag","embeddable":true,"href":"https:\/\/familienlebenleichtgemacht.de\/index.php?rest_route=%2Fwp%2Fv2%2Ftags&post=883"}],"curies":[{"name":"wp","href":"https:\/\/api.w.org\/{rel}","templated":true}]}}